{"id":3614,"date":"2025-05-28T16:08:27","date_gmt":"2025-05-28T15:08:27","guid":{"rendered":"https:\/\/dms-bbz.hr\/?p=3614"},"modified":"2025-06-02T16:15:13","modified_gmt":"2025-06-02T15:15:13","slug":"3614","status":"publish","type":"post","link":"https:\/\/dms-bbz.hr\/index.php\/2025\/05\/28\/3614\/","title":{"rendered":"Svjetski dan multiple skleroze 2025."},"content":{"rendered":"\n<p>U sklopu projekta \u201cZajedno sna\u017eniji\u201d,&nbsp; 28. svibnja 2025. godine uz ugodno dru\u017eenje obilje\u017eili smo Svjetski dan multiple skleroze te pru\u017eili podr\u0161ku na\u0161im \u010dlanovima kroz peer program. Kroz dru\u017eenje i peer podr\u0161ku, na\u0161i su \u010dlanovi imali priliku dijeliti iskustva, ohrabriti jedne druge te podijeliti novije informacije vezane uz MS.<\/p>\n\n\n\n<p>Hvala svima koji su svojim prisustvom obogatili ovaj dan.<\/p>\n\n\n\nngg_shortcode_0_placeholder\n\n\n\n<p><\/p>\n","protected":false},"excerpt":{"rendered":"<p>U sklopu projekta \u201cZajedno sna\u017eniji\u201d,&nbsp; 28. svibnja 2025. godine uz ugodno dru\u017eenje obilje\u017eili smo Svjetski dan multiple skleroze te pru\u017eili podr\u0161ku na\u0161im \u010dlanovima kroz peer program. Kroz dru\u017eenje i peer podr\u0161ku, na\u0161i su \u010dlanovi imali priliku dijeliti iskustva, ohrabriti jedne druge te podijeliti novije informacije vezane uz MS. Hvala svima koji su svojim prisustvom obogatili [&hellip;]<\/p>\n","protected":false},"author":1,"featured_media":3620,"comment_status":"closed","ping_status":"closed","sticky":false,"template":"","format":"standard","meta":{"ngg_post_thumbnail":0,"footnotes":""},"categories":[6],"tags":[],"class_list":["post-3614","post","type-post","status-publish","format-standard","has-post-thumbnail","hentry","category-aktivnosti"],"yoast_head":"<!-- This site is optimized with the Yoast SEO plugin v25.2 - https:\/\/yoast.com\/wordpress\/plugins\/seo\/ -->\n<title>Svjetski dan multiple skleroze 2025. - Dru\u0161tvo Multiple Skleroze Bjelovarsko bilogorske \u017eupanije<\/title>\n<meta name=\"robots\" content=\"index, follow, max-snippet:-1, max-image-preview:large, max-video-preview:-1\" \/>\n<link rel=\"canonical\" href=\"http:\/\/dms-bbz.hr\/index.php\/2025\/05\/28\/3614\/\" \/>\n<meta property=\"og:locale\" content=\"hr_HR\" \/>\n<meta property=\"og:type\" content=\"article\" \/>\n<meta property=\"og:title\" content=\"Svjetski dan multiple skleroze 2025. - Dru\u0161tvo Multiple Skleroze Bjelovarsko bilogorske \u017eupanije\" \/>\n<meta property=\"og:description\" content=\"U sklopu projekta \u201cZajedno sna\u017eniji\u201d,&nbsp; 28. svibnja 2025. godine uz ugodno dru\u017eenje obilje\u017eili smo Svjetski dan multiple skleroze te pru\u017eili podr\u0161ku na\u0161im \u010dlanovima kroz peer program. Kroz dru\u017eenje i peer podr\u0161ku, na\u0161i su \u010dlanovi imali priliku dijeliti iskustva, ohrabriti jedne druge te podijeliti novije informacije vezane uz MS. Hvala svima koji su svojim prisustvom obogatili [&hellip;]\" \/>\n<meta property=\"og:url\" content=\"http:\/\/dms-bbz.hr\/index.php\/2025\/05\/28\/3614\/\" \/>\n<meta property=\"og:site_name\" content=\"Dru\u0161tvo Multiple Skleroze Bjelovarsko bilogorske \u017eupanije\" \/>\n<meta property=\"article:publisher\" content=\"https:\/\/www.facebook.com\/drustvomultipleskleroze.bjelovar\" \/>\n<meta property=\"article:published_time\" content=\"2025-05-28T15:08:27+00:00\" \/>\n<meta property=\"article:modified_time\" content=\"2025-06-02T15:15:13+00:00\" \/>\n<meta property=\"og:image\" content=\"http:\/\/dms-bbz.hr\/wp-content\/uploads\/2025\/06\/Svjetski-dan-MS-2025.png\" \/>\n\t<meta property=\"og:image:width\" content=\"1496\" \/>\n\t<meta property=\"og:image:height\" content=\"1052\" \/>\n\t<meta property=\"og:image:type\" content=\"image\/png\" \/>\n<meta name=\"author\" content=\"Davor\" \/>\n<meta name=\"twitter:card\" content=\"summary_large_image\" \/>\n<meta name=\"twitter:label1\" content=\"Napisao\/la\" \/>\n\t<meta name=\"twitter:data1\" content=\"Davor\" \/>\n\t<meta name=\"twitter:label2\" content=\"Procijenjeno vrijeme \u010ditanja\" \/>\n\t<meta name=\"twitter:data2\" content=\"1 minuta\" \/>\n<script type=\"application\/ld+json\" class=\"yoast-schema-graph\">{\"@context\":\"https:\/\/schema.org\",\"@graph\":[{\"@type\":\"Article\",\"@id\":\"http:\/\/dms-bbz.hr\/index.php\/2025\/05\/28\/3614\/#article\",\"isPartOf\":{\"@id\":\"http:\/\/dms-bbz.hr\/index.php\/2025\/05\/28\/3614\/\"},\"author\":{\"name\":\"Davor\",\"@id\":\"http:\/\/dms-bbz.hr\/#\/schema\/person\/5530951cd31606d5284a8200aceb51bb\"},\"headline\":\"Svjetski dan multiple skleroze 2025.\",\"datePublished\":\"2025-05-28T15:08:27+00:00\",\"dateModified\":\"2025-06-02T15:15:13+00:00\",\"mainEntityOfPage\":{\"@id\":\"http:\/\/dms-bbz.hr\/index.php\/2025\/05\/28\/3614\/\"},\"wordCount\":78,\"publisher\":{\"@id\":\"http:\/\/dms-bbz.hr\/#organization\"},\"image\":{\"@id\":\"http:\/\/dms-bbz.hr\/index.php\/2025\/05\/28\/3614\/#primaryimage\"},\"thumbnailUrl\":\"https:\/\/dms-bbz.hr\/wp-content\/uploads\/2025\/06\/Svjetski-dan-MS-2025.png\",\"articleSection\":[\"Aktivnosti\"],\"inLanguage\":\"hr\"},{\"@type\":\"WebPage\",\"@id\":\"http:\/\/dms-bbz.hr\/index.php\/2025\/05\/28\/3614\/\",\"url\":\"http:\/\/dms-bbz.hr\/index.php\/2025\/05\/28\/3614\/\",\"name\":\"Svjetski dan multiple skleroze 2025. - Dru\u0161tvo Multiple Skleroze Bjelovarsko bilogorske \u017eupanije\",\"isPartOf\":{\"@id\":\"http:\/\/dms-bbz.hr\/#website\"},\"primaryImageOfPage\":{\"@id\":\"http:\/\/dms-bbz.hr\/index.php\/2025\/05\/28\/3614\/#primaryimage\"},\"image\":{\"@id\":\"http:\/\/dms-bbz.hr\/index.php\/2025\/05\/28\/3614\/#primaryimage\"},\"thumbnailUrl\":\"https:\/\/dms-bbz.hr\/wp-content\/uploads\/2025\/06\/Svjetski-dan-MS-2025.png\",\"datePublished\":\"2025-05-28T15:08:27+00:00\",\"dateModified\":\"2025-06-02T15:15:13+00:00\",\"breadcrumb\":{\"@id\":\"http:\/\/dms-bbz.hr\/index.php\/2025\/05\/28\/3614\/#breadcrumb\"},\"inLanguage\":\"hr\",\"potentialAction\":[{\"@type\":\"ReadAction\",\"target\":[\"http:\/\/dms-bbz.hr\/index.php\/2025\/05\/28\/3614\/\"]}]},{\"@type\":\"ImageObject\",\"inLanguage\":\"hr\",\"@id\":\"http:\/\/dms-bbz.hr\/index.php\/2025\/05\/28\/3614\/#primaryimage\",\"url\":\"https:\/\/dms-bbz.hr\/wp-content\/uploads\/2025\/06\/Svjetski-dan-MS-2025.png\",\"contentUrl\":\"https:\/\/dms-bbz.hr\/wp-content\/uploads\/2025\/06\/Svjetski-dan-MS-2025.png\",\"width\":1496,\"height\":1052},{\"@type\":\"BreadcrumbList\",\"@id\":\"http:\/\/dms-bbz.hr\/index.php\/2025\/05\/28\/3614\/#breadcrumb\",\"itemListElement\":[{\"@type\":\"ListItem\",\"position\":1,\"name\":\"Home\",\"item\":\"http:\/\/dms-bbz.hr\/\"},{\"@type\":\"ListItem\",\"position\":2,\"name\":\"Svjetski dan multiple skleroze 2025.\"}]},{\"@type\":\"WebSite\",\"@id\":\"http:\/\/dms-bbz.hr\/#website\",\"url\":\"http:\/\/dms-bbz.hr\/\",\"name\":\"Dru\u0161tvo Multiple Skleroze Bjelovarsko bilogorske \u017eupanije\",\"description\":\"Masarykova 8\",\"publisher\":{\"@id\":\"http:\/\/dms-bbz.hr\/#organization\"},\"potentialAction\":[{\"@type\":\"SearchAction\",\"target\":{\"@type\":\"EntryPoint\",\"urlTemplate\":\"http:\/\/dms-bbz.hr\/?s={search_term_string}\"},\"query-input\":{\"@type\":\"PropertyValueSpecification\",\"valueRequired\":true,\"valueName\":\"search_term_string\"}}],\"inLanguage\":\"hr\"},{\"@type\":\"Organization\",\"@id\":\"http:\/\/dms-bbz.hr\/#organization\",\"name\":\"Dru\u0161tvo Multiple Skleroze Bjelovarsko bilogorske \u017eupanije\",\"url\":\"http:\/\/dms-bbz.hr\/\",\"logo\":{\"@type\":\"ImageObject\",\"inLanguage\":\"hr\",\"@id\":\"http:\/\/dms-bbz.hr\/#\/schema\/logo\/image\/\",\"url\":\"http:\/\/dms-bbz.hr\/wp-content\/uploads\/2015\/09\/cropped-clip_image002.jpg\",\"contentUrl\":\"http:\/\/dms-bbz.hr\/wp-content\/uploads\/2015\/09\/cropped-clip_image002.jpg\",\"width\":512,\"height\":512,\"caption\":\"Dru\u0161tvo Multiple Skleroze Bjelovarsko bilogorske \u017eupanije\"},\"image\":{\"@id\":\"http:\/\/dms-bbz.hr\/#\/schema\/logo\/image\/\"},\"sameAs\":[\"https:\/\/www.facebook.com\/drustvomultipleskleroze.bjelovar\"]},{\"@type\":\"Person\",\"@id\":\"http:\/\/dms-bbz.hr\/#\/schema\/person\/5530951cd31606d5284a8200aceb51bb\",\"name\":\"Davor\",\"image\":{\"@type\":\"ImageObject\",\"inLanguage\":\"hr\",\"@id\":\"http:\/\/dms-bbz.hr\/#\/schema\/person\/image\/\",\"url\":\"https:\/\/secure.gravatar.com\/avatar\/b28df6075e61e771b68f1a4839f15e01cfb3702b184dc6741b696b1719230d3a?s=96&d=mm&r=g\",\"contentUrl\":\"https:\/\/secure.gravatar.com\/avatar\/b28df6075e61e771b68f1a4839f15e01cfb3702b184dc6741b696b1719230d3a?s=96&d=mm&r=g\",\"caption\":\"Davor\"},\"url\":\"https:\/\/dms-bbz.hr\/index.php\/author\/dms129-2-2-2-2-2-2-2-2-2-2-2-2-2-2-2-2-2-2-2-2\/\"}]}<\/script>\n<!-- \/ Yoast SEO plugin. -->","yoast_head_json":{"title":"Svjetski dan multiple skleroze 2025. - Dru\u0161tvo Multiple Skleroze Bjelovarsko bilogorske \u017eupanije","robots":{"index":"index","follow":"follow","max-snippet":"max-snippet:-1","max-image-preview":"max-image-preview:large","max-video-preview":"max-video-preview:-1"},"canonical":"http:\/\/dms-bbz.hr\/index.php\/2025\/05\/28\/3614\/","og_locale":"hr_HR","og_type":"article","og_title":"Svjetski dan multiple skleroze 2025. - Dru\u0161tvo Multiple Skleroze Bjelovarsko bilogorske \u017eupanije","og_description":"U sklopu projekta \u201cZajedno sna\u017eniji\u201d,&nbsp; 28. svibnja 2025. godine uz ugodno dru\u017eenje obilje\u017eili smo Svjetski dan multiple skleroze te pru\u017eili podr\u0161ku na\u0161im \u010dlanovima kroz peer program. Kroz dru\u017eenje i peer podr\u0161ku, na\u0161i su \u010dlanovi imali priliku dijeliti iskustva, ohrabriti jedne druge te podijeliti novije informacije vezane uz MS. Hvala svima koji su svojim prisustvom obogatili [&hellip;]","og_url":"http:\/\/dms-bbz.hr\/index.php\/2025\/05\/28\/3614\/","og_site_name":"Dru\u0161tvo Multiple Skleroze Bjelovarsko bilogorske \u017eupanije","article_publisher":"https:\/\/www.facebook.com\/drustvomultipleskleroze.bjelovar","article_published_time":"2025-05-28T15:08:27+00:00","article_modified_time":"2025-06-02T15:15:13+00:00","og_image":[{"width":1496,"height":1052,"url":"http:\/\/dms-bbz.hr\/wp-content\/uploads\/2025\/06\/Svjetski-dan-MS-2025.png","type":"image\/png"}],"author":"Davor","twitter_card":"summary_large_image","twitter_misc":{"Napisao\/la":"Davor","Procijenjeno vrijeme \u010ditanja":"1 minuta"},"schema":{"@context":"https:\/\/schema.org","@graph":[{"@type":"Article","@id":"http:\/\/dms-bbz.hr\/index.php\/2025\/05\/28\/3614\/#article","isPartOf":{"@id":"http:\/\/dms-bbz.hr\/index.php\/2025\/05\/28\/3614\/"},"author":{"name":"Davor","@id":"http:\/\/dms-bbz.hr\/#\/schema\/person\/5530951cd31606d5284a8200aceb51bb"},"headline":"Svjetski dan multiple skleroze 2025.","datePublished":"2025-05-28T15:08:27+00:00","dateModified":"2025-06-02T15:15:13+00:00","mainEntityOfPage":{"@id":"http:\/\/dms-bbz.hr\/index.php\/2025\/05\/28\/3614\/"},"wordCount":78,"publisher":{"@id":"http:\/\/dms-bbz.hr\/#organization"},"image":{"@id":"http:\/\/dms-bbz.hr\/index.php\/2025\/05\/28\/3614\/#primaryimage"},"thumbnailUrl":"https:\/\/dms-bbz.hr\/wp-content\/uploads\/2025\/06\/Svjetski-dan-MS-2025.png","articleSection":["Aktivnosti"],"inLanguage":"hr"},{"@type":"WebPage","@id":"http:\/\/dms-bbz.hr\/index.php\/2025\/05\/28\/3614\/","url":"http:\/\/dms-bbz.hr\/index.php\/2025\/05\/28\/3614\/","name":"Svjetski dan multiple skleroze 2025. - Dru\u0161tvo Multiple Skleroze Bjelovarsko bilogorske \u017eupanije","isPartOf":{"@id":"http:\/\/dms-bbz.hr\/#website"},"primaryImageOfPage":{"@id":"http:\/\/dms-bbz.hr\/index.php\/2025\/05\/28\/3614\/#primaryimage"},"image":{"@id":"http:\/\/dms-bbz.hr\/index.php\/2025\/05\/28\/3614\/#primaryimage"},"thumbnailUrl":"https:\/\/dms-bbz.hr\/wp-content\/uploads\/2025\/06\/Svjetski-dan-MS-2025.png","datePublished":"2025-05-28T15:08:27+00:00","dateModified":"2025-06-02T15:15:13+00:00","breadcrumb":{"@id":"http:\/\/dms-bbz.hr\/index.php\/2025\/05\/28\/3614\/#breadcrumb"},"inLanguage":"hr","potentialAction":[{"@type":"ReadAction","target":["http:\/\/dms-bbz.hr\/index.php\/2025\/05\/28\/3614\/"]}]},{"@type":"ImageObject","inLanguage":"hr","@id":"http:\/\/dms-bbz.hr\/index.php\/2025\/05\/28\/3614\/#primaryimage","url":"https:\/\/dms-bbz.hr\/wp-content\/uploads\/2025\/06\/Svjetski-dan-MS-2025.png","contentUrl":"https:\/\/dms-bbz.hr\/wp-content\/uploads\/2025\/06\/Svjetski-dan-MS-2025.png","width":1496,"height":1052},{"@type":"BreadcrumbList","@id":"http:\/\/dms-bbz.hr\/index.php\/2025\/05\/28\/3614\/#breadcrumb","itemListElement":[{"@type":"ListItem","position":1,"name":"Home","item":"http:\/\/dms-bbz.hr\/"},{"@type":"ListItem","position":2,"name":"Svjetski dan multiple skleroze 2025."}]},{"@type":"WebSite","@id":"http:\/\/dms-bbz.hr\/#website","url":"http:\/\/dms-bbz.hr\/","name":"Dru\u0161tvo Multiple Skleroze Bjelovarsko bilogorske \u017eupanije","description":"Masarykova 8","publisher":{"@id":"http:\/\/dms-bbz.hr\/#organization"},"potentialAction":[{"@type":"SearchAction","target":{"@type":"EntryPoint","urlTemplate":"http:\/\/dms-bbz.hr\/?s={search_term_string}"},"query-input":{"@type":"PropertyValueSpecification","valueRequired":true,"valueName":"search_term_string"}}],"inLanguage":"hr"},{"@type":"Organization","@id":"http:\/\/dms-bbz.hr\/#organization","name":"Dru\u0161tvo Multiple Skleroze Bjelovarsko bilogorske \u017eupanije","url":"http:\/\/dms-bbz.hr\/","logo":{"@type":"ImageObject","inLanguage":"hr","@id":"http:\/\/dms-bbz.hr\/#\/schema\/logo\/image\/","url":"http:\/\/dms-bbz.hr\/wp-content\/uploads\/2015\/09\/cropped-clip_image002.jpg","contentUrl":"http:\/\/dms-bbz.hr\/wp-content\/uploads\/2015\/09\/cropped-clip_image002.jpg","width":512,"height":512,"caption":"Dru\u0161tvo Multiple Skleroze Bjelovarsko bilogorske \u017eupanije"},"image":{"@id":"http:\/\/dms-bbz.hr\/#\/schema\/logo\/image\/"},"sameAs":["https:\/\/www.facebook.com\/drustvomultipleskleroze.bjelovar"]},{"@type":"Person","@id":"http:\/\/dms-bbz.hr\/#\/schema\/person\/5530951cd31606d5284a8200aceb51bb","name":"Davor","image":{"@type":"ImageObject","inLanguage":"hr","@id":"http:\/\/dms-bbz.hr\/#\/schema\/person\/image\/","url":"https:\/\/secure.gravatar.com\/avatar\/b28df6075e61e771b68f1a4839f15e01cfb3702b184dc6741b696b1719230d3a?s=96&d=mm&r=g","contentUrl":"https:\/\/secure.gravatar.com\/avatar\/b28df6075e61e771b68f1a4839f15e01cfb3702b184dc6741b696b1719230d3a?s=96&d=mm&r=g","caption":"Davor"},"url":"https:\/\/dms-bbz.hr\/index.php\/author\/dms129-2-2-2-2-2-2-2-2-2-2-2-2-2-2-2-2-2-2-2-2\/"}]}},"_links":{"self":[{"href":"https:\/\/dms-bbz.hr\/index.php\/wp-json\/wp\/v2\/posts\/3614","targetHints":{"allow":["GET"]}}],"collection":[{"href":"https:\/\/dms-bbz.hr\/index.php\/wp-json\/wp\/v2\/posts"}],"about":[{"href":"https:\/\/dms-bbz.hr\/index.php\/wp-json\/wp\/v2\/types\/post"}],"author":[{"embeddable":true,"href":"https:\/\/dms-bbz.hr\/index.php\/wp-json\/wp\/v2\/users\/1"}],"replies":[{"embeddable":true,"href":"https:\/\/dms-bbz.hr\/index.php\/wp-json\/wp\/v2\/comments?post=3614"}],"version-history":[{"count":2,"href":"https:\/\/dms-bbz.hr\/index.php\/wp-json\/wp\/v2\/posts\/3614\/revisions"}],"predecessor-version":[{"id":3622,"href":"https:\/\/dms-bbz.hr\/index.php\/wp-json\/wp\/v2\/posts\/3614\/revisions\/3622"}],"wp:featuredmedia":[{"embeddable":true,"href":"https:\/\/dms-bbz.hr\/index.php\/wp-json\/wp\/v2\/media\/3620"}],"wp:attachment":[{"href":"https:\/\/dms-bbz.hr\/index.php\/wp-json\/wp\/v2\/media?parent=3614"}],"wp:term":[{"taxonomy":"category","embeddable":true,"href":"https:\/\/dms-bbz.hr\/index.php\/wp-json\/wp\/v2\/categories?post=3614"},{"taxonomy":"post_tag","embeddable":true,"href":"https:\/\/dms-bbz.hr\/index.php\/wp-json\/wp\/v2\/tags?post=3614"}],"curies":[{"name":"wp","href":"https:\/\/api.w.org\/{rel}","templated":true}]}}