{"id":3900,"date":"2026-03-13T09:46:47","date_gmt":"2026-03-13T08:46:47","guid":{"rendered":"https:\/\/dms-bbz.hr\/?p=3900"},"modified":"2026-03-13T09:46:49","modified_gmt":"2026-03-13T08:46:49","slug":"ja-sam-vise-od-ms-a-od-dijagnoze-do-osnazivanja","status":"publish","type":"post","link":"https:\/\/dms-bbz.hr\/index.php\/2026\/03\/13\/ja-sam-vise-od-ms-a-od-dijagnoze-do-osnazivanja\/","title":{"rendered":"Ja sam vi\u0161e od MS-a! \u2013 od dijagnoze do osna\u017eivanja"},"content":{"rendered":"\n<p>Dana 12.03.2026 godine povodom 19. Tjedna psihologije imali smo priliku zajedno stati, razmisliti i podsjetiti se na ono najva\u017enije \u2013 da nas dijagnoza ne definira.<\/p>\n\n\n\n<p>Dru\u0161tvo multiple skleroze Bjelovarsko-bilogorske \u017eupanije, u suradnji s psihologinjom Jasnom Per Ko\u017enjak, odr\u017ealo je inspirativnu radionicu pod nazivom \u201eJa sam vi\u0161e od MS-a! \u2013 od dijagnoze do osna\u017eivanja\u201c.<\/p>\n\n\n\n<p>Kroz otvoren razgovor, razmjenu iskustava i stru\u010dnu podr\u0161ku, sudionici su istra\u017eivali kako prihvatiti dijagnozu, prona\u0107i unutarnju snagu i graditi \u017eivot ispunjen samopouzdanjem, nadom i novim mogu\u0107nostima.<\/p>\n\n\n\n<p>Ova radionica podsjetila nas je da je put od dijagnoze do osna\u017eivanja proces koji postaje lak\u0161i kada imamo razumijevanje, podr\u0161ku i zajednicu. <\/p>\n\n\n\n<p>Hvala svima koji su sudjelovali i doprinijeli stvaranju sigurnog prostora za razgovor, podr\u0161ku i me\u0111usobno osna\u017eivanje.<\/p>\n\n\n\n<p><a href=\"https:\/\/www.facebook.com\/hashtag\/tjedanpsihologije?__eep__=6&amp;__cft__%5b0%5d=AZZvnObls_mIzDXAWEBi59cZpr8fH4reSbBAjttUB0VJUDO-72GsOXYO-f9SrorfCmR2GjYvBfr8ttS1BxVP_jQNGm19SYoeyw_ygFBW493ToanKEjxrDjaByotrkFfJFePeXALHpWGRfcgwFgOMWPasVJ3GvSNY7A6POub95D7lkVVs_lW7D8RrBA8DuSVmOAywaGAmA5Lc52v9syYYeh5e&amp;__tn__=*NK-R\"><strong>#TjedanPsihologije<\/strong><\/a><\/p>\n\n\n\nngg_shortcode_0_placeholder\n","protected":false},"excerpt":{"rendered":"<p>Dana 12.03.2026 godine povodom 19. Tjedna psihologije imali smo priliku zajedno stati, razmisliti i podsjetiti se na ono najva\u017enije \u2013 da nas dijagnoza ne definira. Dru\u0161tvo multiple skleroze Bjelovarsko-bilogorske \u017eupanije, u suradnji s psihologinjom Jasnom Per Ko\u017enjak, odr\u017ealo je inspirativnu radionicu pod nazivom \u201eJa sam vi\u0161e od MS-a! \u2013 od dijagnoze do osna\u017eivanja\u201c. Kroz otvoren [&hellip;]<\/p>\n","protected":false},"author":1,"featured_media":3906,"comment_status":"closed","ping_status":"closed","sticky":false,"template":"","format":"standard","meta":{"ngg_post_thumbnail":0,"footnotes":""},"categories":[1],"tags":[],"class_list":["post-3900","post","type-post","status-publish","format-standard","has-post-thumbnail","hentry","category-novosti"],"yoast_head":"<!-- This site is optimized with the Yoast SEO plugin v25.2 - https:\/\/yoast.com\/wordpress\/plugins\/seo\/ -->\n<title>Ja sam vi\u0161e od MS-a! \u2013 od dijagnoze do osna\u017eivanja - Dru\u0161tvo Multiple Skleroze Bjelovarsko bilogorske \u017eupanije<\/title>\n<meta name=\"robots\" content=\"index, follow, max-snippet:-1, max-image-preview:large, max-video-preview:-1\" \/>\n<link rel=\"canonical\" href=\"http:\/\/dms-bbz.hr\/index.php\/2026\/03\/13\/ja-sam-vise-od-ms-a-od-dijagnoze-do-osnazivanja\/\" \/>\n<meta property=\"og:locale\" content=\"hr_HR\" \/>\n<meta property=\"og:type\" content=\"article\" \/>\n<meta property=\"og:title\" content=\"Ja sam vi\u0161e od MS-a! \u2013 od dijagnoze do osna\u017eivanja - Dru\u0161tvo Multiple Skleroze Bjelovarsko bilogorske \u017eupanije\" \/>\n<meta property=\"og:description\" content=\"Dana 12.03.2026 godine povodom 19. Tjedna psihologije imali smo priliku zajedno stati, razmisliti i podsjetiti se na ono najva\u017enije \u2013 da nas dijagnoza ne definira. Dru\u0161tvo multiple skleroze Bjelovarsko-bilogorske \u017eupanije, u suradnji s psihologinjom Jasnom Per Ko\u017enjak, odr\u017ealo je inspirativnu radionicu pod nazivom \u201eJa sam vi\u0161e od MS-a! \u2013 od dijagnoze do osna\u017eivanja\u201c. Kroz otvoren [&hellip;]\" \/>\n<meta property=\"og:url\" content=\"http:\/\/dms-bbz.hr\/index.php\/2026\/03\/13\/ja-sam-vise-od-ms-a-od-dijagnoze-do-osnazivanja\/\" \/>\n<meta property=\"og:site_name\" content=\"Dru\u0161tvo Multiple Skleroze Bjelovarsko bilogorske \u017eupanije\" \/>\n<meta property=\"article:publisher\" content=\"https:\/\/www.facebook.com\/drustvomultipleskleroze.bjelovar\" \/>\n<meta property=\"article:published_time\" content=\"2026-03-13T08:46:47+00:00\" \/>\n<meta property=\"article:modified_time\" content=\"2026-03-13T08:46:49+00:00\" \/>\n<meta property=\"og:image\" content=\"http:\/\/dms-bbz.hr\/wp-content\/uploads\/2026\/03\/Picture1.jpg\" \/>\n\t<meta property=\"og:image:width\" content=\"610\" \/>\n\t<meta property=\"og:image:height\" content=\"457\" \/>\n\t<meta property=\"og:image:type\" content=\"image\/jpeg\" \/>\n<meta name=\"author\" content=\"Davor\" \/>\n<meta name=\"twitter:card\" content=\"summary_large_image\" \/>\n<meta name=\"twitter:label1\" content=\"Napisao\/la\" \/>\n\t<meta name=\"twitter:data1\" content=\"Davor\" \/>\n\t<meta name=\"twitter:label2\" content=\"Procijenjeno vrijeme \u010ditanja\" \/>\n\t<meta name=\"twitter:data2\" content=\"1 minuta\" \/>\n<script type=\"application\/ld+json\" class=\"yoast-schema-graph\">{\"@context\":\"https:\/\/schema.org\",\"@graph\":[{\"@type\":\"Article\",\"@id\":\"http:\/\/dms-bbz.hr\/index.php\/2026\/03\/13\/ja-sam-vise-od-ms-a-od-dijagnoze-do-osnazivanja\/#article\",\"isPartOf\":{\"@id\":\"http:\/\/dms-bbz.hr\/index.php\/2026\/03\/13\/ja-sam-vise-od-ms-a-od-dijagnoze-do-osnazivanja\/\"},\"author\":{\"name\":\"Davor\",\"@id\":\"http:\/\/dms-bbz.hr\/#\/schema\/person\/5530951cd31606d5284a8200aceb51bb\"},\"headline\":\"Ja sam vi\u0161e od MS-a! \u2013 od dijagnoze do osna\u017eivanja\",\"datePublished\":\"2026-03-13T08:46:47+00:00\",\"dateModified\":\"2026-03-13T08:46:49+00:00\",\"mainEntityOfPage\":{\"@id\":\"http:\/\/dms-bbz.hr\/index.php\/2026\/03\/13\/ja-sam-vise-od-ms-a-od-dijagnoze-do-osnazivanja\/\"},\"wordCount\":144,\"publisher\":{\"@id\":\"http:\/\/dms-bbz.hr\/#organization\"},\"image\":{\"@id\":\"http:\/\/dms-bbz.hr\/index.php\/2026\/03\/13\/ja-sam-vise-od-ms-a-od-dijagnoze-do-osnazivanja\/#primaryimage\"},\"thumbnailUrl\":\"https:\/\/dms-bbz.hr\/wp-content\/uploads\/2026\/03\/Picture1.jpg\",\"articleSection\":[\"Novosti\"],\"inLanguage\":\"hr\"},{\"@type\":\"WebPage\",\"@id\":\"http:\/\/dms-bbz.hr\/index.php\/2026\/03\/13\/ja-sam-vise-od-ms-a-od-dijagnoze-do-osnazivanja\/\",\"url\":\"http:\/\/dms-bbz.hr\/index.php\/2026\/03\/13\/ja-sam-vise-od-ms-a-od-dijagnoze-do-osnazivanja\/\",\"name\":\"Ja sam vi\u0161e od MS-a! \u2013 od dijagnoze do osna\u017eivanja - Dru\u0161tvo Multiple Skleroze Bjelovarsko bilogorske \u017eupanije\",\"isPartOf\":{\"@id\":\"http:\/\/dms-bbz.hr\/#website\"},\"primaryImageOfPage\":{\"@id\":\"http:\/\/dms-bbz.hr\/index.php\/2026\/03\/13\/ja-sam-vise-od-ms-a-od-dijagnoze-do-osnazivanja\/#primaryimage\"},\"image\":{\"@id\":\"http:\/\/dms-bbz.hr\/index.php\/2026\/03\/13\/ja-sam-vise-od-ms-a-od-dijagnoze-do-osnazivanja\/#primaryimage\"},\"thumbnailUrl\":\"https:\/\/dms-bbz.hr\/wp-content\/uploads\/2026\/03\/Picture1.jpg\",\"datePublished\":\"2026-03-13T08:46:47+00:00\",\"dateModified\":\"2026-03-13T08:46:49+00:00\",\"breadcrumb\":{\"@id\":\"http:\/\/dms-bbz.hr\/index.php\/2026\/03\/13\/ja-sam-vise-od-ms-a-od-dijagnoze-do-osnazivanja\/#breadcrumb\"},\"inLanguage\":\"hr\",\"potentialAction\":[{\"@type\":\"ReadAction\",\"target\":[\"http:\/\/dms-bbz.hr\/index.php\/2026\/03\/13\/ja-sam-vise-od-ms-a-od-dijagnoze-do-osnazivanja\/\"]}]},{\"@type\":\"ImageObject\",\"inLanguage\":\"hr\",\"@id\":\"http:\/\/dms-bbz.hr\/index.php\/2026\/03\/13\/ja-sam-vise-od-ms-a-od-dijagnoze-do-osnazivanja\/#primaryimage\",\"url\":\"https:\/\/dms-bbz.hr\/wp-content\/uploads\/2026\/03\/Picture1.jpg\",\"contentUrl\":\"https:\/\/dms-bbz.hr\/wp-content\/uploads\/2026\/03\/Picture1.jpg\",\"width\":610,\"height\":457},{\"@type\":\"BreadcrumbList\",\"@id\":\"http:\/\/dms-bbz.hr\/index.php\/2026\/03\/13\/ja-sam-vise-od-ms-a-od-dijagnoze-do-osnazivanja\/#breadcrumb\",\"itemListElement\":[{\"@type\":\"ListItem\",\"position\":1,\"name\":\"Home\",\"item\":\"http:\/\/dms-bbz.hr\/\"},{\"@type\":\"ListItem\",\"position\":2,\"name\":\"Ja sam vi\u0161e od MS-a! \u2013 od dijagnoze do osna\u017eivanja\"}]},{\"@type\":\"WebSite\",\"@id\":\"http:\/\/dms-bbz.hr\/#website\",\"url\":\"http:\/\/dms-bbz.hr\/\",\"name\":\"Dru\u0161tvo Multiple Skleroze Bjelovarsko bilogorske \u017eupanije\",\"description\":\"Masarykova 8\",\"publisher\":{\"@id\":\"http:\/\/dms-bbz.hr\/#organization\"},\"potentialAction\":[{\"@type\":\"SearchAction\",\"target\":{\"@type\":\"EntryPoint\",\"urlTemplate\":\"http:\/\/dms-bbz.hr\/?s={search_term_string}\"},\"query-input\":{\"@type\":\"PropertyValueSpecification\",\"valueRequired\":true,\"valueName\":\"search_term_string\"}}],\"inLanguage\":\"hr\"},{\"@type\":\"Organization\",\"@id\":\"http:\/\/dms-bbz.hr\/#organization\",\"name\":\"Dru\u0161tvo Multiple Skleroze Bjelovarsko bilogorske \u017eupanije\",\"url\":\"http:\/\/dms-bbz.hr\/\",\"logo\":{\"@type\":\"ImageObject\",\"inLanguage\":\"hr\",\"@id\":\"http:\/\/dms-bbz.hr\/#\/schema\/logo\/image\/\",\"url\":\"http:\/\/dms-bbz.hr\/wp-content\/uploads\/2015\/09\/cropped-clip_image002.jpg\",\"contentUrl\":\"http:\/\/dms-bbz.hr\/wp-content\/uploads\/2015\/09\/cropped-clip_image002.jpg\",\"width\":512,\"height\":512,\"caption\":\"Dru\u0161tvo Multiple Skleroze Bjelovarsko bilogorske \u017eupanije\"},\"image\":{\"@id\":\"http:\/\/dms-bbz.hr\/#\/schema\/logo\/image\/\"},\"sameAs\":[\"https:\/\/www.facebook.com\/drustvomultipleskleroze.bjelovar\"]},{\"@type\":\"Person\",\"@id\":\"http:\/\/dms-bbz.hr\/#\/schema\/person\/5530951cd31606d5284a8200aceb51bb\",\"name\":\"Davor\",\"image\":{\"@type\":\"ImageObject\",\"inLanguage\":\"hr\",\"@id\":\"http:\/\/dms-bbz.hr\/#\/schema\/person\/image\/\",\"url\":\"https:\/\/secure.gravatar.com\/avatar\/b28df6075e61e771b68f1a4839f15e01cfb3702b184dc6741b696b1719230d3a?s=96&d=mm&r=g\",\"contentUrl\":\"https:\/\/secure.gravatar.com\/avatar\/b28df6075e61e771b68f1a4839f15e01cfb3702b184dc6741b696b1719230d3a?s=96&d=mm&r=g\",\"caption\":\"Davor\"},\"url\":\"https:\/\/dms-bbz.hr\/index.php\/author\/dms129-2-2-2-2-2-2-2-2-2-2-2-2-2-2-2-2-2-2-2-2\/\"}]}<\/script>\n<!-- \/ Yoast SEO plugin. -->","yoast_head_json":{"title":"Ja sam vi\u0161e od MS-a! \u2013 od dijagnoze do osna\u017eivanja - Dru\u0161tvo Multiple Skleroze Bjelovarsko bilogorske \u017eupanije","robots":{"index":"index","follow":"follow","max-snippet":"max-snippet:-1","max-image-preview":"max-image-preview:large","max-video-preview":"max-video-preview:-1"},"canonical":"http:\/\/dms-bbz.hr\/index.php\/2026\/03\/13\/ja-sam-vise-od-ms-a-od-dijagnoze-do-osnazivanja\/","og_locale":"hr_HR","og_type":"article","og_title":"Ja sam vi\u0161e od MS-a! \u2013 od dijagnoze do osna\u017eivanja - Dru\u0161tvo Multiple Skleroze Bjelovarsko bilogorske \u017eupanije","og_description":"Dana 12.03.2026 godine povodom 19. Tjedna psihologije imali smo priliku zajedno stati, razmisliti i podsjetiti se na ono najva\u017enije \u2013 da nas dijagnoza ne definira. Dru\u0161tvo multiple skleroze Bjelovarsko-bilogorske \u017eupanije, u suradnji s psihologinjom Jasnom Per Ko\u017enjak, odr\u017ealo je inspirativnu radionicu pod nazivom \u201eJa sam vi\u0161e od MS-a! \u2013 od dijagnoze do osna\u017eivanja\u201c. Kroz otvoren [&hellip;]","og_url":"http:\/\/dms-bbz.hr\/index.php\/2026\/03\/13\/ja-sam-vise-od-ms-a-od-dijagnoze-do-osnazivanja\/","og_site_name":"Dru\u0161tvo Multiple Skleroze Bjelovarsko bilogorske \u017eupanije","article_publisher":"https:\/\/www.facebook.com\/drustvomultipleskleroze.bjelovar","article_published_time":"2026-03-13T08:46:47+00:00","article_modified_time":"2026-03-13T08:46:49+00:00","og_image":[{"width":610,"height":457,"url":"http:\/\/dms-bbz.hr\/wp-content\/uploads\/2026\/03\/Picture1.jpg","type":"image\/jpeg"}],"author":"Davor","twitter_card":"summary_large_image","twitter_misc":{"Napisao\/la":"Davor","Procijenjeno vrijeme \u010ditanja":"1 minuta"},"schema":{"@context":"https:\/\/schema.org","@graph":[{"@type":"Article","@id":"http:\/\/dms-bbz.hr\/index.php\/2026\/03\/13\/ja-sam-vise-od-ms-a-od-dijagnoze-do-osnazivanja\/#article","isPartOf":{"@id":"http:\/\/dms-bbz.hr\/index.php\/2026\/03\/13\/ja-sam-vise-od-ms-a-od-dijagnoze-do-osnazivanja\/"},"author":{"name":"Davor","@id":"http:\/\/dms-bbz.hr\/#\/schema\/person\/5530951cd31606d5284a8200aceb51bb"},"headline":"Ja sam vi\u0161e od MS-a! \u2013 od dijagnoze do osna\u017eivanja","datePublished":"2026-03-13T08:46:47+00:00","dateModified":"2026-03-13T08:46:49+00:00","mainEntityOfPage":{"@id":"http:\/\/dms-bbz.hr\/index.php\/2026\/03\/13\/ja-sam-vise-od-ms-a-od-dijagnoze-do-osnazivanja\/"},"wordCount":144,"publisher":{"@id":"http:\/\/dms-bbz.hr\/#organization"},"image":{"@id":"http:\/\/dms-bbz.hr\/index.php\/2026\/03\/13\/ja-sam-vise-od-ms-a-od-dijagnoze-do-osnazivanja\/#primaryimage"},"thumbnailUrl":"https:\/\/dms-bbz.hr\/wp-content\/uploads\/2026\/03\/Picture1.jpg","articleSection":["Novosti"],"inLanguage":"hr"},{"@type":"WebPage","@id":"http:\/\/dms-bbz.hr\/index.php\/2026\/03\/13\/ja-sam-vise-od-ms-a-od-dijagnoze-do-osnazivanja\/","url":"http:\/\/dms-bbz.hr\/index.php\/2026\/03\/13\/ja-sam-vise-od-ms-a-od-dijagnoze-do-osnazivanja\/","name":"Ja sam vi\u0161e od MS-a! \u2013 od dijagnoze do osna\u017eivanja - Dru\u0161tvo Multiple Skleroze Bjelovarsko bilogorske \u017eupanije","isPartOf":{"@id":"http:\/\/dms-bbz.hr\/#website"},"primaryImageOfPage":{"@id":"http:\/\/dms-bbz.hr\/index.php\/2026\/03\/13\/ja-sam-vise-od-ms-a-od-dijagnoze-do-osnazivanja\/#primaryimage"},"image":{"@id":"http:\/\/dms-bbz.hr\/index.php\/2026\/03\/13\/ja-sam-vise-od-ms-a-od-dijagnoze-do-osnazivanja\/#primaryimage"},"thumbnailUrl":"https:\/\/dms-bbz.hr\/wp-content\/uploads\/2026\/03\/Picture1.jpg","datePublished":"2026-03-13T08:46:47+00:00","dateModified":"2026-03-13T08:46:49+00:00","breadcrumb":{"@id":"http:\/\/dms-bbz.hr\/index.php\/2026\/03\/13\/ja-sam-vise-od-ms-a-od-dijagnoze-do-osnazivanja\/#breadcrumb"},"inLanguage":"hr","potentialAction":[{"@type":"ReadAction","target":["http:\/\/dms-bbz.hr\/index.php\/2026\/03\/13\/ja-sam-vise-od-ms-a-od-dijagnoze-do-osnazivanja\/"]}]},{"@type":"ImageObject","inLanguage":"hr","@id":"http:\/\/dms-bbz.hr\/index.php\/2026\/03\/13\/ja-sam-vise-od-ms-a-od-dijagnoze-do-osnazivanja\/#primaryimage","url":"https:\/\/dms-bbz.hr\/wp-content\/uploads\/2026\/03\/Picture1.jpg","contentUrl":"https:\/\/dms-bbz.hr\/wp-content\/uploads\/2026\/03\/Picture1.jpg","width":610,"height":457},{"@type":"BreadcrumbList","@id":"http:\/\/dms-bbz.hr\/index.php\/2026\/03\/13\/ja-sam-vise-od-ms-a-od-dijagnoze-do-osnazivanja\/#breadcrumb","itemListElement":[{"@type":"ListItem","position":1,"name":"Home","item":"http:\/\/dms-bbz.hr\/"},{"@type":"ListItem","position":2,"name":"Ja sam vi\u0161e od MS-a! \u2013 od dijagnoze do osna\u017eivanja"}]},{"@type":"WebSite","@id":"http:\/\/dms-bbz.hr\/#website","url":"http:\/\/dms-bbz.hr\/","name":"Dru\u0161tvo Multiple Skleroze Bjelovarsko bilogorske \u017eupanije","description":"Masarykova 8","publisher":{"@id":"http:\/\/dms-bbz.hr\/#organization"},"potentialAction":[{"@type":"SearchAction","target":{"@type":"EntryPoint","urlTemplate":"http:\/\/dms-bbz.hr\/?s={search_term_string}"},"query-input":{"@type":"PropertyValueSpecification","valueRequired":true,"valueName":"search_term_string"}}],"inLanguage":"hr"},{"@type":"Organization","@id":"http:\/\/dms-bbz.hr\/#organization","name":"Dru\u0161tvo Multiple Skleroze Bjelovarsko bilogorske \u017eupanije","url":"http:\/\/dms-bbz.hr\/","logo":{"@type":"ImageObject","inLanguage":"hr","@id":"http:\/\/dms-bbz.hr\/#\/schema\/logo\/image\/","url":"http:\/\/dms-bbz.hr\/wp-content\/uploads\/2015\/09\/cropped-clip_image002.jpg","contentUrl":"http:\/\/dms-bbz.hr\/wp-content\/uploads\/2015\/09\/cropped-clip_image002.jpg","width":512,"height":512,"caption":"Dru\u0161tvo Multiple Skleroze Bjelovarsko bilogorske \u017eupanije"},"image":{"@id":"http:\/\/dms-bbz.hr\/#\/schema\/logo\/image\/"},"sameAs":["https:\/\/www.facebook.com\/drustvomultipleskleroze.bjelovar"]},{"@type":"Person","@id":"http:\/\/dms-bbz.hr\/#\/schema\/person\/5530951cd31606d5284a8200aceb51bb","name":"Davor","image":{"@type":"ImageObject","inLanguage":"hr","@id":"http:\/\/dms-bbz.hr\/#\/schema\/person\/image\/","url":"https:\/\/secure.gravatar.com\/avatar\/b28df6075e61e771b68f1a4839f15e01cfb3702b184dc6741b696b1719230d3a?s=96&d=mm&r=g","contentUrl":"https:\/\/secure.gravatar.com\/avatar\/b28df6075e61e771b68f1a4839f15e01cfb3702b184dc6741b696b1719230d3a?s=96&d=mm&r=g","caption":"Davor"},"url":"https:\/\/dms-bbz.hr\/index.php\/author\/dms129-2-2-2-2-2-2-2-2-2-2-2-2-2-2-2-2-2-2-2-2\/"}]}},"_links":{"self":[{"href":"https:\/\/dms-bbz.hr\/index.php\/wp-json\/wp\/v2\/posts\/3900","targetHints":{"allow":["GET"]}}],"collection":[{"href":"https:\/\/dms-bbz.hr\/index.php\/wp-json\/wp\/v2\/posts"}],"about":[{"href":"https:\/\/dms-bbz.hr\/index.php\/wp-json\/wp\/v2\/types\/post"}],"author":[{"embeddable":true,"href":"https:\/\/dms-bbz.hr\/index.php\/wp-json\/wp\/v2\/users\/1"}],"replies":[{"embeddable":true,"href":"https:\/\/dms-bbz.hr\/index.php\/wp-json\/wp\/v2\/comments?post=3900"}],"version-history":[{"count":1,"href":"https:\/\/dms-bbz.hr\/index.php\/wp-json\/wp\/v2\/posts\/3900\/revisions"}],"predecessor-version":[{"id":3905,"href":"https:\/\/dms-bbz.hr\/index.php\/wp-json\/wp\/v2\/posts\/3900\/revisions\/3905"}],"wp:featuredmedia":[{"embeddable":true,"href":"https:\/\/dms-bbz.hr\/index.php\/wp-json\/wp\/v2\/media\/3906"}],"wp:attachment":[{"href":"https:\/\/dms-bbz.hr\/index.php\/wp-json\/wp\/v2\/media?parent=3900"}],"wp:term":[{"taxonomy":"category","embeddable":true,"href":"https:\/\/dms-bbz.hr\/index.php\/wp-json\/wp\/v2\/categories?post=3900"},{"taxonomy":"post_tag","embeddable":true,"href":"https:\/\/dms-bbz.hr\/index.php\/wp-json\/wp\/v2\/tags?post=3900"}],"curies":[{"name":"wp","href":"https:\/\/api.w.org\/{rel}","templated":true}]}}